{"id":23150,"date":"2023-05-20T13:54:32","date_gmt":"2023-05-20T13:54:32","guid":{"rendered":"https:\/\/renaix.com\/europaeische-woche-des-bewusstseins-fuer-psychische-gesundheit-2023-im-finanzwesen\/"},"modified":"2023-06-05T16:23:53","modified_gmt":"2023-06-05T16:23:53","slug":"europaeische-woche-des-bewusstseins-fuer-psychische-gesundheit-2023-im-finanzwesen","status":"publish","type":"post","link":"https:\/\/renaix.com\/de\/europaeische-woche-des-bewusstseins-fuer-psychische-gesundheit-2023-im-finanzwesen\/","title":{"rendered":"Europ\u00e4ische Woche des Bewusstseins f\u00fcr Psychische Gesundheit 2023 im Finanzwesen"},"content":{"rendered":"","protected":false},"excerpt":{"rendered":"<p>Die Vereinten Nationen haben erkl\u00e4rt, dass &#8220;jeder vierte Mensch weltweit im Laufe seines Lebens an einer psychischen Erkrankung&#8230;<\/p>\n","protected":false},"author":4,"featured_media":23139,"comment_status":"open","ping_status":"open","sticky":false,"template":"","format":"standard","meta":{"_acf_changed":false,"footnotes":""},"categories":[3145,4115,4113],"tags":[],"class_list":["post-23150","post","type-post","status-publish","format-standard","has-post-thumbnail","hentry","category-fuhrung","category-unternehmenskultur","category-vielfalt-und-integration"],"acf":[],"yoast_head":"<!-- This site is optimized with the Yoast SEO Premium plugin v28.4 (Yoast SEO v28.4) - https:\/\/yoast.com\/product\/yoast-seo-premium-wordpress\/ -->\n<title>Europ\u00e4ische Woche des Bewusstseins f\u00fcr Psychische<\/title>\n<meta name=\"description\" content=\"Die steigende Flut des Bewusstseins f\u00fcr psychische Gesundheit im Finanzwesen ist nichts weniger als ein positives Ergebnis f\u00fcr die Arbeitnehmer, die Arbeitskultur und die Zukunft unserer dynamischen Branche. Die Vereinten Nationen haben festgestellt, dass &quot;jeder vierte Mensch weltweit im Laufe seines Lebens an einer psychischen Erkrankung leiden wird&quot;.\" \/>\n<meta name=\"robots\" content=\"index, follow, max-snippet:-1, max-image-preview:large, max-video-preview:-1\" \/>\n<link rel=\"canonical\" href=\"https:\/\/renaix.com\/de\/europaeische-woche-des-bewusstseins-fuer-psychische-gesundheit-2023-im-finanzwesen\/\" \/>\n<meta property=\"og:locale\" content=\"de_DE\" \/>\n<meta property=\"og:type\" content=\"article\" \/>\n<meta property=\"og:title\" content=\"Europ\u00e4ische Woche des Bewusstseins f\u00fcr Psychische Gesundheit 2023 im Finanzwesen\" \/>\n<meta property=\"og:description\" content=\"Die steigende Flut des Bewusstseins f\u00fcr psychische Gesundheit im Finanzwesen ist nichts weniger als ein positives Ergebnis f\u00fcr die Arbeitnehmer, die Arbeitskultur und die Zukunft unserer dynamischen Branche. Die Vereinten Nationen haben festgestellt, dass &quot;jeder vierte Mensch weltweit im Laufe seines Lebens an einer psychischen Erkrankung leiden wird&quot;.\" \/>\n<meta property=\"og:url\" content=\"https:\/\/renaix.com\/de\/europaeische-woche-des-bewusstseins-fuer-psychische-gesundheit-2023-im-finanzwesen\/\" \/>\n<meta property=\"og:site_name\" content=\"Renaix - Recruiting For The Future Of Global Business\" \/>\n<meta property=\"article:publisher\" content=\"https:\/\/www.facebook.com\/Renaix\" \/>\n<meta property=\"article:published_time\" content=\"2023-05-20T13:54:32+00:00\" \/>\n<meta property=\"article:modified_time\" content=\"2023-06-05T16:23:53+00:00\" \/>\n<meta property=\"og:image\" content=\"https:\/\/renaix.com\/wp-content\/uploads\/2023\/05\/dan-meyers-hluOJZjLVXc-unsplash-scaled.jpg\" \/>\n\t<meta property=\"og:image:width\" content=\"2560\" \/>\n\t<meta property=\"og:image:height\" content=\"1707\" \/>\n\t<meta property=\"og:image:type\" content=\"image\/jpeg\" \/>\n<meta name=\"author\" content=\"Christine\" \/>\n<meta name=\"twitter:card\" content=\"summary_large_image\" \/>\n<meta name=\"twitter:creator\" content=\"@renaixRec\" \/>\n<meta name=\"twitter:site\" content=\"@renaixRec\" \/>\n<meta name=\"twitter:label1\" content=\"Verfasst von\" \/>\n\t<meta name=\"twitter:data1\" content=\"Christine\" \/>\n<script type=\"application\/ld+json\" class=\"yoast-schema-graph\">{\"@context\":\"https:\\\/\\\/schema.org\",\"@graph\":[{\"@type\":\"Article\",\"@id\":\"https:\\\/\\\/renaix.com\\\/de\\\/europaeische-woche-des-bewusstseins-fuer-psychische-gesundheit-2023-im-finanzwesen\\\/#article\",\"isPartOf\":{\"@id\":\"https:\\\/\\\/renaix.com\\\/de\\\/europaeische-woche-des-bewusstseins-fuer-psychische-gesundheit-2023-im-finanzwesen\\\/\"},\"author\":{\"name\":\"Christine\",\"@id\":\"https:\\\/\\\/renaix.com\\\/de\\\/#\\\/schema\\\/person\\\/7af7a48c2dc05287b410184c87a75b97\"},\"headline\":\"Europ\u00e4ische Woche des Bewusstseins f\u00fcr Psychische Gesundheit 2023 im Finanzwesen\",\"datePublished\":\"2023-05-20T13:54:32+00:00\",\"dateModified\":\"2023-06-05T16:23:53+00:00\",\"mainEntityOfPage\":{\"@id\":\"https:\\\/\\\/renaix.com\\\/de\\\/europaeische-woche-des-bewusstseins-fuer-psychische-gesundheit-2023-im-finanzwesen\\\/\"},\"wordCount\":11,\"commentCount\":0,\"publisher\":{\"@id\":\"https:\\\/\\\/renaix.com\\\/de\\\/#organization\"},\"image\":{\"@id\":\"https:\\\/\\\/renaix.com\\\/de\\\/europaeische-woche-des-bewusstseins-fuer-psychische-gesundheit-2023-im-finanzwesen\\\/#primaryimage\"},\"thumbnailUrl\":\"https:\\\/\\\/renaix.com\\\/wp-content\\\/uploads\\\/2023\\\/05\\\/dan-meyers-hluOJZjLVXc-unsplash-scaled.jpg\",\"articleSection\":[\"F\u00fchrung\",\"Unternehmenskultur\",\"Vielfalt und Integration\"],\"inLanguage\":\"de\",\"potentialAction\":[{\"@type\":\"CommentAction\",\"name\":\"Comment\",\"target\":[\"https:\\\/\\\/renaix.com\\\/de\\\/europaeische-woche-des-bewusstseins-fuer-psychische-gesundheit-2023-im-finanzwesen\\\/#respond\"]}]},{\"@type\":\"WebPage\",\"@id\":\"https:\\\/\\\/renaix.com\\\/de\\\/europaeische-woche-des-bewusstseins-fuer-psychische-gesundheit-2023-im-finanzwesen\\\/\",\"url\":\"https:\\\/\\\/renaix.com\\\/de\\\/europaeische-woche-des-bewusstseins-fuer-psychische-gesundheit-2023-im-finanzwesen\\\/\",\"name\":\"Europ\u00e4ische Woche des Bewusstseins f\u00fcr Psychische\",\"isPartOf\":{\"@id\":\"https:\\\/\\\/renaix.com\\\/de\\\/#website\"},\"primaryImageOfPage\":{\"@id\":\"https:\\\/\\\/renaix.com\\\/de\\\/europaeische-woche-des-bewusstseins-fuer-psychische-gesundheit-2023-im-finanzwesen\\\/#primaryimage\"},\"image\":{\"@id\":\"https:\\\/\\\/renaix.com\\\/de\\\/europaeische-woche-des-bewusstseins-fuer-psychische-gesundheit-2023-im-finanzwesen\\\/#primaryimage\"},\"thumbnailUrl\":\"https:\\\/\\\/renaix.com\\\/wp-content\\\/uploads\\\/2023\\\/05\\\/dan-meyers-hluOJZjLVXc-unsplash-scaled.jpg\",\"datePublished\":\"2023-05-20T13:54:32+00:00\",\"dateModified\":\"2023-06-05T16:23:53+00:00\",\"description\":\"Die steigende Flut des Bewusstseins f\u00fcr psychische Gesundheit im Finanzwesen ist nichts weniger als ein positives Ergebnis f\u00fcr die Arbeitnehmer, die Arbeitskultur und die Zukunft unserer dynamischen Branche. Die Vereinten Nationen haben festgestellt, dass \\\"jeder vierte Mensch weltweit im Laufe seines Lebens an einer psychischen Erkrankung leiden wird\\\".\",\"breadcrumb\":{\"@id\":\"https:\\\/\\\/renaix.com\\\/de\\\/europaeische-woche-des-bewusstseins-fuer-psychische-gesundheit-2023-im-finanzwesen\\\/#breadcrumb\"},\"inLanguage\":\"de\",\"potentialAction\":[{\"@type\":\"ReadAction\",\"target\":[\"https:\\\/\\\/renaix.com\\\/de\\\/europaeische-woche-des-bewusstseins-fuer-psychische-gesundheit-2023-im-finanzwesen\\\/\"]}]},{\"@type\":\"ImageObject\",\"inLanguage\":\"de\",\"@id\":\"https:\\\/\\\/renaix.com\\\/de\\\/europaeische-woche-des-bewusstseins-fuer-psychische-gesundheit-2023-im-finanzwesen\\\/#primaryimage\",\"url\":\"https:\\\/\\\/renaix.com\\\/wp-content\\\/uploads\\\/2023\\\/05\\\/dan-meyers-hluOJZjLVXc-unsplash-scaled.jpg\",\"contentUrl\":\"https:\\\/\\\/renaix.com\\\/wp-content\\\/uploads\\\/2023\\\/05\\\/dan-meyers-hluOJZjLVXc-unsplash-scaled.jpg\",\"width\":2560,\"height\":1707},{\"@type\":\"BreadcrumbList\",\"@id\":\"https:\\\/\\\/renaix.com\\\/de\\\/europaeische-woche-des-bewusstseins-fuer-psychische-gesundheit-2023-im-finanzwesen\\\/#breadcrumb\",\"itemListElement\":[{\"@type\":\"ListItem\",\"position\":1,\"name\":\"Home\",\"item\":\"https:\\\/\\\/renaix.com\\\/de\\\/\"},{\"@type\":\"ListItem\",\"position\":2,\"name\":\"Europ\u00e4ische Woche des Bewusstseins f\u00fcr Psychische Gesundheit 2023 im Finanzwesen\"}]},{\"@type\":\"WebSite\",\"@id\":\"https:\\\/\\\/renaix.com\\\/de\\\/#website\",\"url\":\"https:\\\/\\\/renaix.com\\\/de\\\/\",\"name\":\"Renaix - Recruiting For The Future Of Global Business\",\"description\":\"Renaix is an international recruitment and executive search consultancy, specialising in placing senior management, finance and audit professionals\",\"publisher\":{\"@id\":\"https:\\\/\\\/renaix.com\\\/de\\\/#organization\"},\"potentialAction\":[{\"@type\":\"SearchAction\",\"target\":{\"@type\":\"EntryPoint\",\"urlTemplate\":\"https:\\\/\\\/renaix.com\\\/de\\\/?s={search_term_string}\"},\"query-input\":{\"@type\":\"PropertyValueSpecification\",\"valueRequired\":true,\"valueName\":\"search_term_string\"}}],\"inLanguage\":\"de\"},{\"@type\":\"Organization\",\"@id\":\"https:\\\/\\\/renaix.com\\\/de\\\/#organization\",\"name\":\"Renaix Recruitment\",\"url\":\"https:\\\/\\\/renaix.com\\\/de\\\/\",\"logo\":{\"@type\":\"ImageObject\",\"inLanguage\":\"de\",\"@id\":\"https:\\\/\\\/renaix.com\\\/de\\\/#\\\/schema\\\/logo\\\/image\\\/\",\"url\":\"https:\\\/\\\/renaix.com\\\/wp-content\\\/uploads\\\/2017\\\/06\\\/renaix-logo-2.png\",\"contentUrl\":\"https:\\\/\\\/renaix.com\\\/wp-content\\\/uploads\\\/2017\\\/06\\\/renaix-logo-2.png\",\"width\":200,\"height\":32,\"caption\":\"Renaix Recruitment\"},\"image\":{\"@id\":\"https:\\\/\\\/renaix.com\\\/de\\\/#\\\/schema\\\/logo\\\/image\\\/\"},\"sameAs\":[\"https:\\\/\\\/www.facebook.com\\\/Renaix\",\"https:\\\/\\\/x.com\\\/renaixRec\",\"https:\\\/\\\/www.linkedin.com\\\/company\\\/renaix\\\/\"]},{\"@type\":\"Person\",\"@id\":\"https:\\\/\\\/renaix.com\\\/de\\\/#\\\/schema\\\/person\\\/7af7a48c2dc05287b410184c87a75b97\",\"name\":\"Christine\",\"image\":{\"@type\":\"ImageObject\",\"inLanguage\":\"de\",\"@id\":\"https:\\\/\\\/secure.gravatar.com\\\/avatar\\\/df4ea3b0fd8e710e5a23d38555975b2aaf87bbb4a411d5a7fb11e499318233dc?s=96&d=mm&r=g\",\"url\":\"https:\\\/\\\/secure.gravatar.com\\\/avatar\\\/df4ea3b0fd8e710e5a23d38555975b2aaf87bbb4a411d5a7fb11e499318233dc?s=96&d=mm&r=g\",\"contentUrl\":\"https:\\\/\\\/secure.gravatar.com\\\/avatar\\\/df4ea3b0fd8e710e5a23d38555975b2aaf87bbb4a411d5a7fb11e499318233dc?s=96&d=mm&r=g\",\"caption\":\"Christine\"}}]}<\/script>\n<!-- \/ Yoast SEO Premium plugin. -->","yoast_head_json":{"title":"Europ\u00e4ische Woche des Bewusstseins f\u00fcr Psychische","description":"Die steigende Flut des Bewusstseins f\u00fcr psychische Gesundheit im Finanzwesen ist nichts weniger als ein positives Ergebnis f\u00fcr die Arbeitnehmer, die Arbeitskultur und die Zukunft unserer dynamischen Branche. Die Vereinten Nationen haben festgestellt, dass \"jeder vierte Mensch weltweit im Laufe seines Lebens an einer psychischen Erkrankung leiden wird\".","robots":{"index":"index","follow":"follow","max-snippet":"max-snippet:-1","max-image-preview":"max-image-preview:large","max-video-preview":"max-video-preview:-1"},"canonical":"https:\/\/renaix.com\/de\/europaeische-woche-des-bewusstseins-fuer-psychische-gesundheit-2023-im-finanzwesen\/","og_locale":"de_DE","og_type":"article","og_title":"Europ\u00e4ische Woche des Bewusstseins f\u00fcr Psychische Gesundheit 2023 im Finanzwesen","og_description":"Die steigende Flut des Bewusstseins f\u00fcr psychische Gesundheit im Finanzwesen ist nichts weniger als ein positives Ergebnis f\u00fcr die Arbeitnehmer, die Arbeitskultur und die Zukunft unserer dynamischen Branche. Die Vereinten Nationen haben festgestellt, dass \"jeder vierte Mensch weltweit im Laufe seines Lebens an einer psychischen Erkrankung leiden wird\".","og_url":"https:\/\/renaix.com\/de\/europaeische-woche-des-bewusstseins-fuer-psychische-gesundheit-2023-im-finanzwesen\/","og_site_name":"Renaix - Recruiting For The Future Of Global Business","article_publisher":"https:\/\/www.facebook.com\/Renaix","article_published_time":"2023-05-20T13:54:32+00:00","article_modified_time":"2023-06-05T16:23:53+00:00","og_image":[{"width":2560,"height":1707,"url":"https:\/\/renaix.com\/wp-content\/uploads\/2023\/05\/dan-meyers-hluOJZjLVXc-unsplash-scaled.jpg","type":"image\/jpeg"}],"author":"Christine","twitter_card":"summary_large_image","twitter_creator":"@renaixRec","twitter_site":"@renaixRec","twitter_misc":{"Verfasst von":"Christine"},"schema":{"@context":"https:\/\/schema.org","@graph":[{"@type":"Article","@id":"https:\/\/renaix.com\/de\/europaeische-woche-des-bewusstseins-fuer-psychische-gesundheit-2023-im-finanzwesen\/#article","isPartOf":{"@id":"https:\/\/renaix.com\/de\/europaeische-woche-des-bewusstseins-fuer-psychische-gesundheit-2023-im-finanzwesen\/"},"author":{"name":"Christine","@id":"https:\/\/renaix.com\/de\/#\/schema\/person\/7af7a48c2dc05287b410184c87a75b97"},"headline":"Europ\u00e4ische Woche des Bewusstseins f\u00fcr Psychische Gesundheit 2023 im Finanzwesen","datePublished":"2023-05-20T13:54:32+00:00","dateModified":"2023-06-05T16:23:53+00:00","mainEntityOfPage":{"@id":"https:\/\/renaix.com\/de\/europaeische-woche-des-bewusstseins-fuer-psychische-gesundheit-2023-im-finanzwesen\/"},"wordCount":11,"commentCount":0,"publisher":{"@id":"https:\/\/renaix.com\/de\/#organization"},"image":{"@id":"https:\/\/renaix.com\/de\/europaeische-woche-des-bewusstseins-fuer-psychische-gesundheit-2023-im-finanzwesen\/#primaryimage"},"thumbnailUrl":"https:\/\/renaix.com\/wp-content\/uploads\/2023\/05\/dan-meyers-hluOJZjLVXc-unsplash-scaled.jpg","articleSection":["F\u00fchrung","Unternehmenskultur","Vielfalt und Integration"],"inLanguage":"de","potentialAction":[{"@type":"CommentAction","name":"Comment","target":["https:\/\/renaix.com\/de\/europaeische-woche-des-bewusstseins-fuer-psychische-gesundheit-2023-im-finanzwesen\/#respond"]}]},{"@type":"WebPage","@id":"https:\/\/renaix.com\/de\/europaeische-woche-des-bewusstseins-fuer-psychische-gesundheit-2023-im-finanzwesen\/","url":"https:\/\/renaix.com\/de\/europaeische-woche-des-bewusstseins-fuer-psychische-gesundheit-2023-im-finanzwesen\/","name":"Europ\u00e4ische Woche des Bewusstseins f\u00fcr Psychische","isPartOf":{"@id":"https:\/\/renaix.com\/de\/#website"},"primaryImageOfPage":{"@id":"https:\/\/renaix.com\/de\/europaeische-woche-des-bewusstseins-fuer-psychische-gesundheit-2023-im-finanzwesen\/#primaryimage"},"image":{"@id":"https:\/\/renaix.com\/de\/europaeische-woche-des-bewusstseins-fuer-psychische-gesundheit-2023-im-finanzwesen\/#primaryimage"},"thumbnailUrl":"https:\/\/renaix.com\/wp-content\/uploads\/2023\/05\/dan-meyers-hluOJZjLVXc-unsplash-scaled.jpg","datePublished":"2023-05-20T13:54:32+00:00","dateModified":"2023-06-05T16:23:53+00:00","description":"Die steigende Flut des Bewusstseins f\u00fcr psychische Gesundheit im Finanzwesen ist nichts weniger als ein positives Ergebnis f\u00fcr die Arbeitnehmer, die Arbeitskultur und die Zukunft unserer dynamischen Branche. Die Vereinten Nationen haben festgestellt, dass \"jeder vierte Mensch weltweit im Laufe seines Lebens an einer psychischen Erkrankung leiden wird\".","breadcrumb":{"@id":"https:\/\/renaix.com\/de\/europaeische-woche-des-bewusstseins-fuer-psychische-gesundheit-2023-im-finanzwesen\/#breadcrumb"},"inLanguage":"de","potentialAction":[{"@type":"ReadAction","target":["https:\/\/renaix.com\/de\/europaeische-woche-des-bewusstseins-fuer-psychische-gesundheit-2023-im-finanzwesen\/"]}]},{"@type":"ImageObject","inLanguage":"de","@id":"https:\/\/renaix.com\/de\/europaeische-woche-des-bewusstseins-fuer-psychische-gesundheit-2023-im-finanzwesen\/#primaryimage","url":"https:\/\/renaix.com\/wp-content\/uploads\/2023\/05\/dan-meyers-hluOJZjLVXc-unsplash-scaled.jpg","contentUrl":"https:\/\/renaix.com\/wp-content\/uploads\/2023\/05\/dan-meyers-hluOJZjLVXc-unsplash-scaled.jpg","width":2560,"height":1707},{"@type":"BreadcrumbList","@id":"https:\/\/renaix.com\/de\/europaeische-woche-des-bewusstseins-fuer-psychische-gesundheit-2023-im-finanzwesen\/#breadcrumb","itemListElement":[{"@type":"ListItem","position":1,"name":"Home","item":"https:\/\/renaix.com\/de\/"},{"@type":"ListItem","position":2,"name":"Europ\u00e4ische Woche des Bewusstseins f\u00fcr Psychische Gesundheit 2023 im Finanzwesen"}]},{"@type":"WebSite","@id":"https:\/\/renaix.com\/de\/#website","url":"https:\/\/renaix.com\/de\/","name":"Renaix - Recruiting For The Future Of Global Business","description":"Renaix is an international recruitment and executive search consultancy, specialising in placing senior management, finance and audit professionals","publisher":{"@id":"https:\/\/renaix.com\/de\/#organization"},"potentialAction":[{"@type":"SearchAction","target":{"@type":"EntryPoint","urlTemplate":"https:\/\/renaix.com\/de\/?s={search_term_string}"},"query-input":{"@type":"PropertyValueSpecification","valueRequired":true,"valueName":"search_term_string"}}],"inLanguage":"de"},{"@type":"Organization","@id":"https:\/\/renaix.com\/de\/#organization","name":"Renaix Recruitment","url":"https:\/\/renaix.com\/de\/","logo":{"@type":"ImageObject","inLanguage":"de","@id":"https:\/\/renaix.com\/de\/#\/schema\/logo\/image\/","url":"https:\/\/renaix.com\/wp-content\/uploads\/2017\/06\/renaix-logo-2.png","contentUrl":"https:\/\/renaix.com\/wp-content\/uploads\/2017\/06\/renaix-logo-2.png","width":200,"height":32,"caption":"Renaix Recruitment"},"image":{"@id":"https:\/\/renaix.com\/de\/#\/schema\/logo\/image\/"},"sameAs":["https:\/\/www.facebook.com\/Renaix","https:\/\/x.com\/renaixRec","https:\/\/www.linkedin.com\/company\/renaix\/"]},{"@type":"Person","@id":"https:\/\/renaix.com\/de\/#\/schema\/person\/7af7a48c2dc05287b410184c87a75b97","name":"Christine","image":{"@type":"ImageObject","inLanguage":"de","@id":"https:\/\/secure.gravatar.com\/avatar\/df4ea3b0fd8e710e5a23d38555975b2aaf87bbb4a411d5a7fb11e499318233dc?s=96&d=mm&r=g","url":"https:\/\/secure.gravatar.com\/avatar\/df4ea3b0fd8e710e5a23d38555975b2aaf87bbb4a411d5a7fb11e499318233dc?s=96&d=mm&r=g","contentUrl":"https:\/\/secure.gravatar.com\/avatar\/df4ea3b0fd8e710e5a23d38555975b2aaf87bbb4a411d5a7fb11e499318233dc?s=96&d=mm&r=g","caption":"Christine"}}]}},"_links":{"self":[{"href":"https:\/\/renaix.com\/de\/wp-json\/wp\/v2\/posts\/23150","targetHints":{"allow":["GET"]}}],"collection":[{"href":"https:\/\/renaix.com\/de\/wp-json\/wp\/v2\/posts"}],"about":[{"href":"https:\/\/renaix.com\/de\/wp-json\/wp\/v2\/types\/post"}],"author":[{"embeddable":true,"href":"https:\/\/renaix.com\/de\/wp-json\/wp\/v2\/users\/4"}],"replies":[{"embeddable":true,"href":"https:\/\/renaix.com\/de\/wp-json\/wp\/v2\/comments?post=23150"}],"version-history":[{"count":0,"href":"https:\/\/renaix.com\/de\/wp-json\/wp\/v2\/posts\/23150\/revisions"}],"wp:featuredmedia":[{"embeddable":true,"href":"https:\/\/renaix.com\/de\/wp-json\/wp\/v2\/media\/23139"}],"wp:attachment":[{"href":"https:\/\/renaix.com\/de\/wp-json\/wp\/v2\/media?parent=23150"}],"wp:term":[{"taxonomy":"category","embeddable":true,"href":"https:\/\/renaix.com\/de\/wp-json\/wp\/v2\/categories?post=23150"},{"taxonomy":"post_tag","embeddable":true,"href":"https:\/\/renaix.com\/de\/wp-json\/wp\/v2\/tags?post=23150"}],"curies":[{"name":"wp","href":"https:\/\/api.w.org\/{rel}","templated":true}]}}